{"id":399,"date":"2016-07-01T19:30:56","date_gmt":"2016-07-01T17:30:56","guid":{"rendered":"http:\/\/blog.schlossbibliothek.de\/?p=399"},"modified":"2019-03-18T23:52:46","modified_gmt":"2019-03-18T21:52:46","slug":"festvortrag-zum-1000-jaehriges-bestehen-von-schloss-neuhaus","status":"publish","type":"post","link":"https:\/\/www.schlosseulen.de\/?p=399","title":{"rendered":"Festvortrag zum 1000- j\u00e4hriges Bestehen von Schlo\u00df Neuhaus"},"content":{"rendered":"<p><strong>Am Freitag, den 01.\u00a0Juli 2016, um 19.30 Uhr, in der Schlo\u00dfbibliothek<\/strong>.<\/p>\n<p><a href=\"https:\/\/schlosseulen.de\/wp-content\/uploads\/2016\/05\/2014-03_06.jpg\"><img loading=\"lazy\" decoding=\"async\" class=\"alignright size-medium wp-image-401\" src=\"https:\/\/schlosseulen.de\/wp-content\/uploads\/2016\/05\/2014-03_06-225x300.jpg\" alt=\"Schloss in Schlo\u00df Neuhaus\" width=\"225\" height=\"300\" srcset=\"https:\/\/schlosseulen.de\/wp-content\/uploads\/2016\/05\/2014-03_06-225x300.jpg 225w, https:\/\/schlosseulen.de\/wp-content\/uploads\/2016\/05\/2014-03_06-768x1024.jpg 768w, https:\/\/schlosseulen.de\/wp-content\/uploads\/2016\/05\/2014-03_06.jpg 1704w\" sizes=\"auto, (max-width: 225px) 100vw, 225px\" \/><\/a>Die ehemalige Residenzstadt Schlo\u00df Neuhaus feiert in diesem Jahr ihr 1000- j\u00e4hriges Bestehen. Kaum jemand kennt den Ort und seine Geschichte besser als\u00a0 Kreisheimatpfleger Michael Pavlicic, der auch Vorsitzender des Heimatvereins Schlo\u00df Neuhaus ist.<\/p>\n<p>Er wird am Freitag, 1. Juli, um 19.30 Uhr in der Schlo\u00dfbibliothek einen Festvortrag zum Jubil\u00e4um halten. Dabei wird Michael Pavlicic nicht einfach Geschichtszahlen aneinanderreihen, sondern auch zum Bibliotheksgeb\u00e4ude erz\u00e4hlen und Heiteres aus der Ortschronik vortragen.<\/p>\n<p>Der Eintritt ist frei.<\/p>\n","protected":false},"excerpt":{"rendered":"<p>Am Freitag, den 01.\u00a0Juli 2016, um 19.30 Uhr, in der Schlo\u00dfbibliothek. Die ehemalige Residenzstadt Schlo\u00df Neuhaus feiert in diesem Jahr ihr 1000- j\u00e4hriges Bestehen. Kaum jemand kennt den Ort und seine Geschichte besser als\u00a0 Kreisheimatpfleger Michael Pavlicic, der auch Vorsitzender des Heimatvereins Schlo\u00df Neuhaus ist. Er wird am Freitag, 1. Juli, um 19.30 Uhr in &hellip; <a href=\"https:\/\/www.schlosseulen.de\/?p=399\" class=\"more-link\"><span class=\"screen-reader-text\">Festvortrag zum 1000- j\u00e4hriges Bestehen von Schlo\u00df Neuhaus<\/span> weiterlesen <span class=\"meta-nav\">&rarr;<\/span><\/a><\/p>\n","protected":false},"author":3,"featured_media":0,"comment_status":"closed","ping_status":"closed","sticky":false,"template":"","format":"standard","meta":{"footnotes":""},"categories":[9],"tags":[22,15,52],"class_list":["post-399","post","type-post","status-publish","format-standard","hentry","category-archiv","tag-schlossbibliothek","tag-schlosseulen","tag-vortrag"],"_links":{"self":[{"href":"https:\/\/www.schlosseulen.de\/index.php?rest_route=\/wp\/v2\/posts\/399","targetHints":{"allow":["GET"]}}],"collection":[{"href":"https:\/\/www.schlosseulen.de\/index.php?rest_route=\/wp\/v2\/posts"}],"about":[{"href":"https:\/\/www.schlosseulen.de\/index.php?rest_route=\/wp\/v2\/types\/post"}],"author":[{"embeddable":true,"href":"https:\/\/www.schlosseulen.de\/index.php?rest_route=\/wp\/v2\/users\/3"}],"replies":[{"embeddable":true,"href":"https:\/\/www.schlosseulen.de\/index.php?rest_route=%2Fwp%2Fv2%2Fcomments&post=399"}],"version-history":[{"count":3,"href":"https:\/\/www.schlosseulen.de\/index.php?rest_route=\/wp\/v2\/posts\/399\/revisions"}],"predecessor-version":[{"id":797,"href":"https:\/\/www.schlosseulen.de\/index.php?rest_route=\/wp\/v2\/posts\/399\/revisions\/797"}],"wp:attachment":[{"href":"https:\/\/www.schlosseulen.de\/index.php?rest_route=%2Fwp%2Fv2%2Fmedia&parent=399"}],"wp:term":[{"taxonomy":"category","embeddable":true,"href":"https:\/\/www.schlosseulen.de\/index.php?rest_route=%2Fwp%2Fv2%2Fcategories&post=399"},{"taxonomy":"post_tag","embeddable":true,"href":"https:\/\/www.schlosseulen.de\/index.php?rest_route=%2Fwp%2Fv2%2Ftags&post=399"}],"curies":[{"name":"wp","href":"https:\/\/api.w.org\/{rel}","templated":true}]}}