{"id":535,"date":"2017-07-10T10:00:50","date_gmt":"2017-07-10T08:00:50","guid":{"rendered":"http:\/\/blog.schlossbibliothek.de\/?p=535"},"modified":"2019-03-18T23:37:55","modified_gmt":"2019-03-18T21:37:55","slug":"bilderbuchkino-2017","status":"publish","type":"post","link":"https:\/\/www.schlosseulen.de\/?p=535","title":{"rendered":"Bilderbuchkino 2017"},"content":{"rendered":"<p>Unsere Bilderbuchkino-Saison ist wieder er\u00f6ffnet!<\/p>\n<p>Neben den Schlo\u00df Neuh\u00e4user Kinderg\u00e4rten haben wir dies Jahr zus\u00e4tzlich zwei\u00a0Kinderg\u00e4rten aus unseren Nachbargemeinden eingeladen. Wir freuen uns auf die\u00a0Kita St. Michael aus Sennelager und die Kinder aus dem ESK im Hopfenweg (Paderborn).<\/p>\n<p><a href=\"https:\/\/schlosseulen.de\/wp-content\/uploads\/2017\/05\/Mutter-Vatter-Kind.png\"><img loading=\"lazy\" decoding=\"async\" class=\"alignright size-medium wp-image-536\" src=\"https:\/\/schlosseulen.de\/wp-content\/uploads\/2017\/05\/Mutter-Vatter-Kind-219x300.png\" alt=\"Buchcover: Mutter-Vatter-Kind\" width=\"219\" height=\"300\" srcset=\"https:\/\/schlosseulen.de\/wp-content\/uploads\/2017\/05\/Mutter-Vatter-Kind-219x300.png 219w, https:\/\/schlosseulen.de\/wp-content\/uploads\/2017\/05\/Mutter-Vatter-Kind.png 344w\" sizes=\"auto, (max-width: 219px) 100vw, 219px\" \/><\/a>Wir zeigen \u201eMutter, Vater, Kind\u201c nach dem Bilderbuch von <a href=\"http:\/\/www.kirsten-boie.de\/\" target=\"_blank\">Kirsten Boie<\/a> und Peter Knorr.<\/p>\n<p>Dem Kindergartenkind Line wird von ihrer Mutter der nachmitt\u00e4gliche Besuch von Daniel aus ihrer Gruppe angek\u00fcndigt. Im Gegensatz zu den anderen Jungs erscheint er ihr v\u00f6llig uninteressant und viel zu m\u00e4dchenhaft mit seiner Ordnungsliebe und seinem Interesse an Tuschzeichnungen und Stickbildern. Sie bevorzugt den temperamentvoll-r\u00fcpeligen Malte, den sie auch heiraten will. Als Daniel ihr Zimmer betritt, sch\u00fcchtert sie ihn ein und verbietet ihm, ihr \u201evergiftetes\u201c Spielzeug zu benutzen. Erst als Daniel vorschl\u00e4gt, Mutter-Vater-Kind zu spielen und ihr die Rolle der arbeitenden Mutter (im Gegensatz zum arbeitslosen Vater) anbietet, bricht das Eis. Line darf Cowboy sein und einen B\u00fcffel f\u00fcr das Mittagessen erlegen, w\u00e4hrend Daniel den Teddy verarztet und die Hausarbeit erledigt. Pl\u00f6tzlich gef\u00e4llt die ungewohnte Umkehrung der Rollen Line so gut, dass ihre Heiratspl\u00e4ne ins Wanken geraten und sie zumindest beschlie\u00dft, Daniel zuk\u00fcnftig im Kindergarten zu besch\u00fctzen. Lines Vater taucht in der Geschichte nicht auf \u2013 vielleicht ein Hinweis auf eine besondere Situation in ihrer Familie und eine Erkl\u00e4rung f\u00fcr die Umbenennung des alten Kinderspiels \u201eVater-Mutter-Kind\u201c?<\/p>\n","protected":false},"excerpt":{"rendered":"<p>Unsere Bilderbuchkino-Saison ist wieder er\u00f6ffnet! Neben den Schlo\u00df Neuh\u00e4user Kinderg\u00e4rten haben wir dies Jahr zus\u00e4tzlich zwei\u00a0Kinderg\u00e4rten aus unseren Nachbargemeinden eingeladen. Wir freuen uns auf die\u00a0Kita St. Michael aus Sennelager und die Kinder aus dem ESK im Hopfenweg (Paderborn). Wir zeigen \u201eMutter, Vater, Kind\u201c nach dem Bilderbuch von Kirsten Boie und Peter Knorr. Dem Kindergartenkind Line &hellip; <a href=\"https:\/\/www.schlosseulen.de\/?p=535\" class=\"more-link\"><span class=\"screen-reader-text\">Bilderbuchkino 2017<\/span> weiterlesen <span class=\"meta-nav\">&rarr;<\/span><\/a><\/p>\n","protected":false},"author":3,"featured_media":0,"comment_status":"closed","ping_status":"closed","sticky":false,"template":"","format":"standard","meta":{"footnotes":""},"categories":[9],"tags":[44,22,15,7],"class_list":["post-535","post","type-post","status-publish","format-standard","hentry","category-archiv","tag-bilderbuchkino","tag-schlossbibliothek","tag-schlosseulen","tag-vorlesen"],"_links":{"self":[{"href":"https:\/\/www.schlosseulen.de\/index.php?rest_route=\/wp\/v2\/posts\/535","targetHints":{"allow":["GET"]}}],"collection":[{"href":"https:\/\/www.schlosseulen.de\/index.php?rest_route=\/wp\/v2\/posts"}],"about":[{"href":"https:\/\/www.schlosseulen.de\/index.php?rest_route=\/wp\/v2\/types\/post"}],"author":[{"embeddable":true,"href":"https:\/\/www.schlosseulen.de\/index.php?rest_route=\/wp\/v2\/users\/3"}],"replies":[{"embeddable":true,"href":"https:\/\/www.schlosseulen.de\/index.php?rest_route=%2Fwp%2Fv2%2Fcomments&post=535"}],"version-history":[{"count":2,"href":"https:\/\/www.schlosseulen.de\/index.php?rest_route=\/wp\/v2\/posts\/535\/revisions"}],"predecessor-version":[{"id":781,"href":"https:\/\/www.schlosseulen.de\/index.php?rest_route=\/wp\/v2\/posts\/535\/revisions\/781"}],"wp:attachment":[{"href":"https:\/\/www.schlosseulen.de\/index.php?rest_route=%2Fwp%2Fv2%2Fmedia&parent=535"}],"wp:term":[{"taxonomy":"category","embeddable":true,"href":"https:\/\/www.schlosseulen.de\/index.php?rest_route=%2Fwp%2Fv2%2Fcategories&post=535"},{"taxonomy":"post_tag","embeddable":true,"href":"https:\/\/www.schlosseulen.de\/index.php?rest_route=%2Fwp%2Fv2%2Ftags&post=535"}],"curies":[{"name":"wp","href":"https:\/\/api.w.org\/{rel}","templated":true}]}}