{"id":550,"date":"2017-12-10T14:00:23","date_gmt":"2017-12-10T12:00:23","guid":{"rendered":"http:\/\/blog.schlossbibliothek.de\/?p=550"},"modified":"2019-03-18T23:27:35","modified_gmt":"2019-03-18T21:27:35","slug":"sonderoeffnung-der-schlossbibliothek-und-der-artothek-zum-weihnachtszauber-im-schlosspark","status":"publish","type":"post","link":"https:\/\/www.schlosseulen.de\/?p=550","title":{"rendered":"Sonder\u00f6ffnung der Schlo\u00dfbibliothek und der Artothek zum Weihnachtszauber im Schlo\u00dfpark"},"content":{"rendered":"<p><a href=\"https:\/\/schlosseulen.de\/wp-content\/uploads\/2017\/05\/Sterne.png\"><img loading=\"lazy\" decoding=\"async\" class=\"aligncenter size-large wp-image-552\" src=\"https:\/\/schlosseulen.de\/wp-content\/uploads\/2017\/05\/Sterne-1024x419.png\" alt=\"Sterne\" width=\"604\" height=\"247\" srcset=\"https:\/\/schlosseulen.de\/wp-content\/uploads\/2017\/05\/Sterne-1024x419.png 1024w, https:\/\/schlosseulen.de\/wp-content\/uploads\/2017\/05\/Sterne-300x123.png 300w, https:\/\/schlosseulen.de\/wp-content\/uploads\/2017\/05\/Sterne.png 1200w\" sizes=\"auto, (max-width: 604px) 100vw, 604px\" \/><\/a>Erneut \u00f6ffnen wir parallel zum <a href=\"http:\/\/www.schlosspark-paderborn.de\/5-Veranstaltungen\/Veranstaltungskalender-2017\/Seite-18\" target=\"_blank\">Weihnachtszauber im Schlo\u00dfpark<\/a> die T\u00fcren unserer Bibliothek, und zwar am <strong>Sonntag, den 10.12.2017 von 14.00 \u2013 18.00 Uhr.<\/strong><\/p>\n<p><span style=\"font-weight: 400;\">Wenn am zweiten Adventssonntag in Schlo\u00df Neuhaus der Weihnachtsmarkt zu einem Bummel einl\u00e4dt, dann ist auch die Schlo\u00dfbibliothek f\u00fcr Sie ge\u00f6ffnet. F\u00fcr den Nachmittag, haben wir ein buntes Programm vorbereitet. Kinder k\u00f6nnen \u00a0weihnachtliche Dekorationen basteln, ein B\u00fccherbasar \u00a0l\u00e4dt zum St\u00f6bern ein. Advents- und Weihnachtslieder, gespielt auf der Veeh-Harfe, werden zur stimmungsvollen Atmosph\u00e4re beitragen. Besucher k\u00f6nnen auch wie zu den regul\u00e4ren \u00d6ffnungszeiten B\u00fccher und andere Medien ausleihen und zur\u00fcckgeben. In der festlich geschm\u00fcckten Bibliothek haben sie au\u00dferdem Gelegenheit, sich bei Kaffee und Kuchen vom Weihnachtsmarktbummel auszuruhen und mit anderen Literaturfreunden ins Gespr\u00e4ch zu kommen.<\/span><\/p>\n<p><span style=\"font-weight: 400;\"><a href=\"https:\/\/schlosseulen.de\/wp-content\/uploads\/2015\/11\/Artothek-im-Web-1.jpg\"><img loading=\"lazy\" decoding=\"async\" class=\"alignright size-medium wp-image-296\" src=\"https:\/\/schlosseulen.de\/wp-content\/uploads\/2015\/11\/Artothek-im-Web-1-300x269.jpg\" alt=\"Artothek in der Schlo\u00dfbibliothek in Schlo\u00df Neuhaus\" width=\"300\" height=\"269\" srcset=\"https:\/\/schlosseulen.de\/wp-content\/uploads\/2015\/11\/Artothek-im-Web-1-300x269.jpg 300w, https:\/\/schlosseulen.de\/wp-content\/uploads\/2015\/11\/Artothek-im-Web-1.jpg 858w\" sizes=\"auto, (max-width: 300px) 100vw, 300px\" \/><\/a>Ge\u00f6ffnet ist auch die Artothek, in der Gem\u00e4lde, Zeichnungen und Skulpturen ausgeliehen werden k\u00f6nnen.<\/span><\/p>\n","protected":false},"excerpt":{"rendered":"<p>Erneut \u00f6ffnen wir parallel zum Weihnachtszauber im Schlo\u00dfpark die T\u00fcren unserer Bibliothek, und zwar am Sonntag, den 10.12.2017 von 14.00 \u2013 18.00 Uhr. Wenn am zweiten Adventssonntag in Schlo\u00df Neuhaus der Weihnachtsmarkt zu einem Bummel einl\u00e4dt, dann ist auch die Schlo\u00dfbibliothek f\u00fcr Sie ge\u00f6ffnet. F\u00fcr den Nachmittag, haben wir ein buntes Programm vorbereitet. Kinder k\u00f6nnen &hellip; <a href=\"https:\/\/www.schlosseulen.de\/?p=550\" class=\"more-link\"><span class=\"screen-reader-text\">Sonder\u00f6ffnung der Schlo\u00dfbibliothek und der Artothek zum Weihnachtszauber im Schlo\u00dfpark<\/span> weiterlesen <span class=\"meta-nav\">&rarr;<\/span><\/a><\/p>\n","protected":false},"author":3,"featured_media":0,"comment_status":"closed","ping_status":"closed","sticky":false,"template":"","format":"standard","meta":{"footnotes":""},"categories":[9],"tags":[56,45,3,12,22,15,41,46],"class_list":["post-550","post","type-post","status-publish","format-standard","hentry","category-archiv","tag-artothek","tag-basteln","tag-buecherbasar","tag-kaffee-und-kuchen","tag-schlossbibliothek","tag-schlosseulen","tag-weihnachtsmarkt","tag-weihnachtszauber"],"_links":{"self":[{"href":"https:\/\/www.schlosseulen.de\/index.php?rest_route=\/wp\/v2\/posts\/550","targetHints":{"allow":["GET"]}}],"collection":[{"href":"https:\/\/www.schlosseulen.de\/index.php?rest_route=\/wp\/v2\/posts"}],"about":[{"href":"https:\/\/www.schlosseulen.de\/index.php?rest_route=\/wp\/v2\/types\/post"}],"author":[{"embeddable":true,"href":"https:\/\/www.schlosseulen.de\/index.php?rest_route=\/wp\/v2\/users\/3"}],"replies":[{"embeddable":true,"href":"https:\/\/www.schlosseulen.de\/index.php?rest_route=%2Fwp%2Fv2%2Fcomments&post=550"}],"version-history":[{"count":10,"href":"https:\/\/www.schlosseulen.de\/index.php?rest_route=\/wp\/v2\/posts\/550\/revisions"}],"predecessor-version":[{"id":772,"href":"https:\/\/www.schlosseulen.de\/index.php?rest_route=\/wp\/v2\/posts\/550\/revisions\/772"}],"wp:attachment":[{"href":"https:\/\/www.schlosseulen.de\/index.php?rest_route=%2Fwp%2Fv2%2Fmedia&parent=550"}],"wp:term":[{"taxonomy":"category","embeddable":true,"href":"https:\/\/www.schlosseulen.de\/index.php?rest_route=%2Fwp%2Fv2%2Fcategories&post=550"},{"taxonomy":"post_tag","embeddable":true,"href":"https:\/\/www.schlosseulen.de\/index.php?rest_route=%2Fwp%2Fv2%2Ftags&post=550"}],"curies":[{"name":"wp","href":"https:\/\/api.w.org\/{rel}","templated":true}]}}