{"id":948,"date":"2021-11-24T00:01:40","date_gmt":"2021-11-23T22:01:40","guid":{"rendered":"https:\/\/www.schlosseulen.de\/?p=948"},"modified":"2021-11-25T17:58:34","modified_gmt":"2021-11-25T15:58:34","slug":"zehn-jahre-schlosseulen-initiative-fuer-die-schlossbibliothek-schloss-neuhaus","status":"publish","type":"post","link":"https:\/\/www.schlosseulen.de\/?p=948","title":{"rendered":"Zehn Jahre SCHLOSSEULEN Initiative f\u00fcr die Schlo\u00dfbibliothek Schlo\u00df Neuhaus"},"content":{"rendered":"<figure id=\"attachment_470\" aria-describedby=\"caption-attachment-470\" style=\"width: 1300px\" class=\"wp-caption aligncenter\"><a href=\"https:\/\/schlosseulen.de\/wp-content\/uploads\/2016\/11\/Eulenfamilie-feiert-Geburtstag-Lizenzfreie-Bilder.jpg\"><img loading=\"lazy\" decoding=\"async\" class=\"size-full wp-image-470\" src=\"https:\/\/schlosseulen.de\/wp-content\/uploads\/2016\/11\/Eulenfamilie-feiert-Geburtstag-Lizenzfreie-Bilder.jpg\" alt=\"\" width=\"1300\" height=\"807\" srcset=\"https:\/\/schlosseulen.de\/wp-content\/uploads\/2016\/11\/Eulenfamilie-feiert-Geburtstag-Lizenzfreie-Bilder.jpg 1300w, https:\/\/schlosseulen.de\/wp-content\/uploads\/2016\/11\/Eulenfamilie-feiert-Geburtstag-Lizenzfreie-Bilder-300x186.jpg 300w, https:\/\/schlosseulen.de\/wp-content\/uploads\/2016\/11\/Eulenfamilie-feiert-Geburtstag-Lizenzfreie-Bilder-1024x636.jpg 1024w\" sizes=\"auto, (max-width: 1300px) 100vw, 1300px\" \/><\/a><figcaption id=\"caption-attachment-470\" class=\"wp-caption-text\">Heute feiert die SCHLOSSEULEN Initiative f\u00fcr die Schlo\u00dfbibliothek Schlo\u00df Neuhaus e.V. ihren 10 Geburtstag<\/figcaption><\/figure>\n<p>Am Samstag mit den Kindern in die \u00f6ffentliche Bibliothek gehen und Lesefutter f\u00fcrs Wochenende ausleihen? In Schlo\u00df Neuhaus ist das m\u00f6glich \u2013 daf\u00fcr sorgen wir zuverl\u00e4ssig rund ums Jahr. Au\u00dferdem sind wir an vier Nachmittagen im Einsatz und tragen somit durch unser Engagement dazu bei, dass die im Schlosspark gelegene Zweigstelle der Paderborner Zentralbibliothek ein wichtiger Treffpunkt und Lernort der Schlo\u00df Neuh\u00e4user ist und bleiben kann.<br \/>\nAngefangen hatte es 2010. Als damals der Paderborner Stadtrat \u00fcberlegte, aus Kostengr\u00fcnden die Stadtteilbibliothek in Schlo\u00df Neuhaus zu schlie\u00dfen, da protestierten hunderte B\u00fcrger und viele engagierten sich. Am Ende wurde die B\u00fccherei gerettet, weil sich genug Menschen bereit erkl\u00e4rten, dort in ihrer Freizeit zu arbeiten.<br \/>\nHeute sind wir 32 SCHLOSSEULEN die ehrenamtlich in der Schlo\u00dfbibliothek aktiv sind, um die hauptamtlichen Kr\u00e4fte der Bibliothek zu unterst\u00fctzen. Wir beraten Leserinnen und Leser und r\u00e4umen zur\u00fcckgegebene B\u00fccher wieder in die Regale, erkl\u00e4ren Neukunden, wie die Ausleihautomaten funktionieren, und stellen im Kontakt mit der Hauptstelle Leserausweise aus.<\/p>\n<figure id=\"attachment_951\" aria-describedby=\"caption-attachment-951\" style=\"width: 2503px\" class=\"wp-caption aligncenter\"><a href=\"https:\/\/schlosseulen.de\/wp-content\/uploads\/2021\/11\/2021-11-23_Vorstand_mit-Fr.Bueker.jpg\"><img loading=\"lazy\" decoding=\"async\" class=\"size-full wp-image-951\" src=\"https:\/\/schlosseulen.de\/wp-content\/uploads\/2021\/11\/2021-11-23_Vorstand_mit-Fr.Bueker.jpg\" alt=\"\" width=\"2503\" height=\"1675\" srcset=\"https:\/\/schlosseulen.de\/wp-content\/uploads\/2021\/11\/2021-11-23_Vorstand_mit-Fr.Bueker.jpg 2503w, https:\/\/schlosseulen.de\/wp-content\/uploads\/2021\/11\/2021-11-23_Vorstand_mit-Fr.Bueker-300x201.jpg 300w, https:\/\/schlosseulen.de\/wp-content\/uploads\/2021\/11\/2021-11-23_Vorstand_mit-Fr.Bueker-1024x685.jpg 1024w, https:\/\/schlosseulen.de\/wp-content\/uploads\/2021\/11\/2021-11-23_Vorstand_mit-Fr.Bueker-768x514.jpg 768w, https:\/\/schlosseulen.de\/wp-content\/uploads\/2021\/11\/2021-11-23_Vorstand_mit-Fr.Bueker-1536x1028.jpg 1536w, https:\/\/schlosseulen.de\/wp-content\/uploads\/2021\/11\/2021-11-23_Vorstand_mit-Fr.Bueker-2048x1371.jpg 2048w\" sizes=\"auto, (max-width: 2503px) 100vw, 2503px\" \/><\/a><figcaption id=\"caption-attachment-951\" class=\"wp-caption-text\">SCHLOSSEULEN-Vorstand mit der hauptamtlichen Mitarbeiterin in der Schlo\u00dfbibliothek Fr. B\u00fcker<\/figcaption><\/figure>\n<p>Dar\u00fcber hinaus sind wir auch initiativ und kreativ. Wir veranstalten Autorenlesungen und Vortr\u00e4ge zu aktuellen Themen. Kinder werden zu gem\u00fctlichen Vorlese- und Bastelnachmittagen eingeladen, die ebenso gern besucht werden wie die j\u00e4hrlichen Gastspiele von Puppenb\u00fchnen. Kinderg\u00e4rten besuchen das beliebte Bilderbuchkino. Und zwei Mal im Jahr findet ein B\u00fccherflohmarkt mit Kaffeetafel statt (mit Pause w\u00e4hrend der Corona-Pandemie). Mit dem Erl\u00f6s werden die Medienbest\u00e4nde der Schlo\u00dfbibliothek erg\u00e4nzt oder Veranstaltungen rund ums Buch finanziert.<br \/>\nUnser Engagement tr\u00e4gt sichtbar Fr\u00fcchte. Gemeinsam ist es allen haupt- und ehrenamtlich Mitarbeitenden der Schlo\u00dfbibliothek gelungen, die Zahl der Nutzer und der Ausleihen zu steigern. \u201eDas ist ein toller Erfolg, \u00fcber den wir uns sehr freuen und der uns ein gro\u00dfer Ansporn ist\u201c, sagt unsere Vorsitzende Ilse Wolter. Dazu beigetragen habe insbesondere das kollegiale und vertrauensvolle Verh\u00e4ltnis zwischen den haupt- und ehrenamtlichen Mitarbeitenden in der Schlo\u00dfbibliothek. \u201eF\u00fcr die Wertsch\u00e4tzung unseres Einsatzes sind wir sehr dankbar\u201c, sagt Ilse Wolter. Das zehnj\u00e4hrige Bestehen der Schlosseulen Initiative wollten alle in der Schlo\u00dfbibliothek T\u00e4tigen gemeinsam Ende November feiern. Leider muss die Feier aufgrund der Corona-Situation ausfallen.<\/p>\n","protected":false},"excerpt":{"rendered":"<p>Am Samstag mit den Kindern in die \u00f6ffentliche Bibliothek gehen und Lesefutter f\u00fcrs Wochenende ausleihen? In Schlo\u00df Neuhaus ist das m\u00f6glich \u2013 daf\u00fcr sorgen wir zuverl\u00e4ssig rund ums Jahr. Au\u00dferdem sind wir an vier Nachmittagen im Einsatz und tragen somit durch unser Engagement dazu bei, dass die im Schlosspark gelegene Zweigstelle der Paderborner Zentralbibliothek ein &hellip; <a href=\"https:\/\/www.schlosseulen.de\/?p=948\" class=\"more-link\"><span class=\"screen-reader-text\">Zehn Jahre SCHLOSSEULEN Initiative f\u00fcr die Schlo\u00dfbibliothek Schlo\u00df Neuhaus<\/span> weiterlesen <span class=\"meta-nav\">&rarr;<\/span><\/a><\/p>\n","protected":false},"author":3,"featured_media":0,"comment_status":"closed","ping_status":"closed","sticky":false,"template":"","format":"standard","meta":{"footnotes":""},"categories":[13],"tags":[22,15],"class_list":["post-948","post","type-post","status-publish","format-standard","hentry","category-verein","tag-schlossbibliothek","tag-schlosseulen"],"_links":{"self":[{"href":"https:\/\/www.schlosseulen.de\/index.php?rest_route=\/wp\/v2\/posts\/948","targetHints":{"allow":["GET"]}}],"collection":[{"href":"https:\/\/www.schlosseulen.de\/index.php?rest_route=\/wp\/v2\/posts"}],"about":[{"href":"https:\/\/www.schlosseulen.de\/index.php?rest_route=\/wp\/v2\/types\/post"}],"author":[{"embeddable":true,"href":"https:\/\/www.schlosseulen.de\/index.php?rest_route=\/wp\/v2\/users\/3"}],"replies":[{"embeddable":true,"href":"https:\/\/www.schlosseulen.de\/index.php?rest_route=%2Fwp%2Fv2%2Fcomments&post=948"}],"version-history":[{"count":7,"href":"https:\/\/www.schlosseulen.de\/index.php?rest_route=\/wp\/v2\/posts\/948\/revisions"}],"predecessor-version":[{"id":956,"href":"https:\/\/www.schlosseulen.de\/index.php?rest_route=\/wp\/v2\/posts\/948\/revisions\/956"}],"wp:attachment":[{"href":"https:\/\/www.schlosseulen.de\/index.php?rest_route=%2Fwp%2Fv2%2Fmedia&parent=948"}],"wp:term":[{"taxonomy":"category","embeddable":true,"href":"https:\/\/www.schlosseulen.de\/index.php?rest_route=%2Fwp%2Fv2%2Fcategories&post=948"},{"taxonomy":"post_tag","embeddable":true,"href":"https:\/\/www.schlosseulen.de\/index.php?rest_route=%2Fwp%2Fv2%2Ftags&post=948"}],"curies":[{"name":"wp","href":"https:\/\/api.w.org\/{rel}","templated":true}]}}